{"id":2262,"date":"2026-09-01T18:27:12","date_gmt":"2026-09-01T18:27:12","guid":{"rendered":"https:\/\/cmp.portablehost3.net\/?p=2262"},"modified":"2026-09-01T18:27:12","modified_gmt":"2026-09-01T18:27:12","slug":"trabajador-de-cmp-recibe-reconocimiento-de-coresemin-atacama-por-su-liderazgo-en-seguridad","status":"publish","type":"post","link":"https:\/\/cmp.portablehost3.net\/en\/trabajador-de-cmp-recibe-reconocimiento-de-coresemin-atacama-por-su-liderazgo-en-seguridad\/","title":{"rendered":"Trabajador de CMP recibe reconocimiento de CORESEMIN Atacama por su liderazgo en seguridad"},"content":{"rendered":"<p><strong>Juan N\u00fa\u00f1ez, Automation and Control Supervisor and member of the Joint Health and Safety Committee (CPHS) at CMP\u2019s Cerro Negro Norte operation, was recognized in the Outstanding Safety Workers 2025 category for inspiring his peers through visible leadership, mutual care, and a strong commitment to preventive standards in his operational area.<\/strong><\/p>\n<p>As part of the 15th Mining Dinner 2026, organized by the Atacama Regional Mining Safety Committee (CORESEMIN), Compa\u00f1\u00eda Minera del Pac\u00edfico (CMP) employee Juan N\u00fa\u00f1ez received the Outstanding Safety Worker 2025 award, a distinction that recognizes individuals who have demonstrated an exceptional commitment to risk prevention and the well-being of people in their workplaces.<\/p>\n<p>N\u00fa\u00f1ez, who works as an Automation and Control Supervisor at Cerro Negro Norte and is a member of the Joint Health and Safety Committee (CPHS), was recognized for his visible safety leadership in the field, his commitment to mutual care, and his ongoing dedication to complying with occupational health and safety standards.<\/p>\n<blockquote><p>&#8220;I am very proud of this recognition, which, more than a personal award, represents the work we carry out as a Joint Committee to ensure the safety of our employees. It is a collaborative effort involving the company&#8217;s Risk Management team and ACHS, coordinated through our Risk Management in Processes (GRP) methodology, which we apply every day to identify, manage, and prevent risks to workers&#8217; health,&#8221; said Juan N\u00fa\u00f1ez.<\/p><\/blockquote>\n<p>CMP&#8217;s Risk Management and Sustainability Manager, Paulina Andreoli, highlighted the importance of safety within the company&#8217;s mining operations:<\/p>\n<blockquote><p>&#8220;At CMP, we understand that safety is part of the way we do mining. Our risk management model enables us to identify, control, and verify risks, while also allowing us to learn and continuously improve. Juan&#8217;s recognition reflects this commitment, which is built on mutual care. Moving toward a different kind of mining also means always placing people&#8217;s lives and well-being at the center of our decisions.&#8221;<\/p><\/blockquote>\n<p>The distinction is awarded by CORESEMIN Atacama following an evaluation process and seeks to recognize workers who have demonstrated a consistent commitment to prevention and who, through their example, contribute to strengthening a culture of safety across the regional mining industry.<\/p>\n<blockquote><p>&#8220;The importance of this ceremony lies in recognizing individuals and companies that demonstrate good occupational health and safety practices. One of CORESEMIN&#8217;s key strengths is the partnerships created between companies and the opportunity to share best practices. That is why it is so important to recognize workers within each organization who demonstrate leadership in safety and drive continuous improvement,&#8221; said William Henott, President of CORESEMIN Atacama.<\/p><\/blockquote>\n<p>For Compa\u00f1\u00eda Minera del Pac\u00edfico, this recognition reinforces the importance of continuing to strengthen a preventive management approach that anticipates and manages risks across all its processes and operations, with leadership, employee participation, and mutual care serving as key pillars of safe and sustainable mining. Along these lines, the company will continue promoting initiatives that strengthen the timely identification of risks and encourage every individual to take an active role in caring for themselves and their colleagues.<\/p>","protected":false},"excerpt":{"rendered":"<p>Juan N\u00fa\u00f1ez, Automation and Control Supervisor and member of the Joint Health and Safety Committee (CPHS) at CMP\u2019s Cerro Negro Norte operation, was recognized in the Outstanding Safety Workers 2025 category for inspiring his peers through visible leadership, mutual care, and a strong commitment to preventive standards in his operational area. As part of the [&hellip;]<\/p>\n","protected":false},"author":3,"featured_media":2263,"comment_status":"closed","ping_status":"open","sticky":false,"template":"","format":"standard","meta":{"_acf_changed":false,"footnotes":""},"categories":[2],"tags":[],"class_list":["post-2262","post","type-post","status-publish","format-standard","has-post-thumbnail","hentry","category-hitos"],"acf":[],"yoast_head":"<!-- This site is optimized with the Yoast SEO plugin v25.5 - https:\/\/yoast.com\/wordpress\/plugins\/seo\/ -->\n<title><\/title>\n<meta name=\"robots\" content=\"noindex, follow, max-snippet:-1, max-image-preview:large, max-video-preview:-1\" \/>\n<meta property=\"og:locale\" content=\"en_US\" \/>\n<meta property=\"og:type\" content=\"article\" \/>\n<meta property=\"og:title\" content=\"[:es]Trabajador de CMP recibe reconocimiento de CORESEMIN Atacama por su liderazgo en seguridad[:] - CMP - Compa\u00f1\u00eda Minera del Pac\u00edfico\" \/>\n<meta property=\"og:description\" content=\"Juan N\u00fa\u00f1ez, Automation and Control Supervisor and member of the Joint Health and Safety Committee (CPHS) at CMP\u2019s Cerro Negro Norte operation, was recognized in the Outstanding Safety Workers 2025 category for inspiring his peers through visible leadership, mutual care, and a strong commitment to preventive standards in his operational area. As part of the [&hellip;]\" \/>\n<meta property=\"og:url\" content=\"https:\/\/cmp.portablehost3.net\/trabajador-de-cmp-recibe-reconocimiento-de-coresemin-atacama-por-su-liderazgo-en-seguridad\/\" \/>\n<meta property=\"og:site_name\" content=\"CMP - Compa\u00f1\u00eda Minera del Pac\u00edfico\" \/>\n<meta property=\"article:publisher\" content=\"https:\/\/www.facebook.com\/CMPChile\" \/>\n<meta property=\"article:published_time\" content=\"2026-09-01T18:27:12+00:00\" \/>\n<meta property=\"og:image\" content=\"https:\/\/cmp.portablehost3.net\/wp-content\/uploads\/2026\/09\/Reconocimiento-CORESEMIN.jpeg\" \/>\n\t<meta property=\"og:image:width\" content=\"1280\" \/>\n\t<meta property=\"og:image:height\" content=\"852\" \/>\n\t<meta property=\"og:image:type\" content=\"image\/jpeg\" \/>\n<meta name=\"author\" content=\"Patricia\" \/>\n<meta name=\"twitter:card\" content=\"summary_large_image\" \/>\n<meta name=\"twitter:creator\" content=\"@CMPChile\" \/>\n<meta name=\"twitter:site\" content=\"@CMPChile\" \/>\n<meta name=\"twitter:label1\" content=\"Written by\" \/>\n\t<meta name=\"twitter:data1\" content=\"Patricia\" \/>\n\t<meta name=\"twitter:label2\" content=\"Est. reading time\" \/>\n\t<meta name=\"twitter:data2\" content=\"2 minutes\" \/>\n<script type=\"application\/ld+json\" class=\"yoast-schema-graph\">{\"@context\":\"https:\/\/schema.org\",\"@graph\":[{\"@type\":\"Article\",\"@id\":\"https:\/\/cmp.portablehost3.net\/trabajador-de-cmp-recibe-reconocimiento-de-coresemin-atacama-por-su-liderazgo-en-seguridad\/#article\",\"isPartOf\":{\"@id\":\"https:\/\/cmp.portablehost3.net\/trabajador-de-cmp-recibe-reconocimiento-de-coresemin-atacama-por-su-liderazgo-en-seguridad\/\"},\"author\":{\"name\":\"Patricia\",\"@id\":\"https:\/\/cmp.portablehost3.net\/#\/schema\/person\/8aeb6c283efcbf09cd5a48a257450b70\"},\"headline\":\"Trabajador de CMP recibe reconocimiento de CORESEMIN Atacama por su liderazgo en seguridad\",\"datePublished\":\"2026-09-01T18:27:12+00:00\",\"mainEntityOfPage\":{\"@id\":\"https:\/\/cmp.portablehost3.net\/trabajador-de-cmp-recibe-reconocimiento-de-coresemin-atacama-por-su-liderazgo-en-seguridad\/\"},\"wordCount\":1133,\"publisher\":{\"@id\":\"https:\/\/cmp.portablehost3.net\/#organization\"},\"image\":{\"@id\":\"https:\/\/cmp.portablehost3.net\/trabajador-de-cmp-recibe-reconocimiento-de-coresemin-atacama-por-su-liderazgo-en-seguridad\/#primaryimage\"},\"thumbnailUrl\":\"https:\/\/cmp.portablehost3.net\/wp-content\/uploads\/2026\/09\/Reconocimiento-CORESEMIN.jpeg\",\"articleSection\":[\"Landmarks\"],\"inLanguage\":\"en-US\"},{\"@type\":\"WebPage\",\"@id\":\"https:\/\/cmp.portablehost3.net\/trabajador-de-cmp-recibe-reconocimiento-de-coresemin-atacama-por-su-liderazgo-en-seguridad\/\",\"url\":\"https:\/\/cmp.portablehost3.net\/trabajador-de-cmp-recibe-reconocimiento-de-coresemin-atacama-por-su-liderazgo-en-seguridad\/\",\"name\":\"[:es]Trabajador de CMP recibe reconocimiento de CORESEMIN Atacama por su liderazgo en seguridad[:] - CMP - Compa\u00f1\u00eda Minera del Pac\u00edfico\",\"isPartOf\":{\"@id\":\"https:\/\/cmp.portablehost3.net\/#website\"},\"primaryImageOfPage\":{\"@id\":\"https:\/\/cmp.portablehost3.net\/trabajador-de-cmp-recibe-reconocimiento-de-coresemin-atacama-por-su-liderazgo-en-seguridad\/#primaryimage\"},\"image\":{\"@id\":\"https:\/\/cmp.portablehost3.net\/trabajador-de-cmp-recibe-reconocimiento-de-coresemin-atacama-por-su-liderazgo-en-seguridad\/#primaryimage\"},\"thumbnailUrl\":\"https:\/\/cmp.portablehost3.net\/wp-content\/uploads\/2026\/09\/Reconocimiento-CORESEMIN.jpeg\",\"datePublished\":\"2026-09-01T18:27:12+00:00\",\"breadcrumb\":{\"@id\":\"https:\/\/cmp.portablehost3.net\/trabajador-de-cmp-recibe-reconocimiento-de-coresemin-atacama-por-su-liderazgo-en-seguridad\/#breadcrumb\"},\"inLanguage\":\"en-US\",\"potentialAction\":[{\"@type\":\"ReadAction\",\"target\":[\"https:\/\/cmp.portablehost3.net\/trabajador-de-cmp-recibe-reconocimiento-de-coresemin-atacama-por-su-liderazgo-en-seguridad\/\"]}]},{\"@type\":\"ImageObject\",\"inLanguage\":\"en-US\",\"@id\":\"https:\/\/cmp.portablehost3.net\/trabajador-de-cmp-recibe-reconocimiento-de-coresemin-atacama-por-su-liderazgo-en-seguridad\/#primaryimage\",\"url\":\"https:\/\/cmp.portablehost3.net\/wp-content\/uploads\/2026\/09\/Reconocimiento-CORESEMIN.jpeg\",\"contentUrl\":\"https:\/\/cmp.portablehost3.net\/wp-content\/uploads\/2026\/09\/Reconocimiento-CORESEMIN.jpeg\",\"width\":1280,\"height\":852},{\"@type\":\"BreadcrumbList\",\"@id\":\"https:\/\/cmp.portablehost3.net\/trabajador-de-cmp-recibe-reconocimiento-de-coresemin-atacama-por-su-liderazgo-en-seguridad\/#breadcrumb\",\"itemListElement\":[{\"@type\":\"ListItem\",\"position\":1,\"name\":\"Portada\",\"item\":\"https:\/\/cmp.portablehost3.net\/\"},{\"@type\":\"ListItem\",\"position\":2,\"name\":\"Trabajador de CMP recibe reconocimiento de CORESEMIN Atacama por su liderazgo en seguridad\"}]},{\"@type\":\"WebSite\",\"@id\":\"https:\/\/cmp.portablehost3.net\/#website\",\"url\":\"https:\/\/cmp.portablehost3.net\/\",\"name\":\"CMP - Compa\u00f1\u00eda Minera del Pac\u00edfico\",\"description\":\"\",\"publisher\":{\"@id\":\"https:\/\/cmp.portablehost3.net\/#organization\"},\"potentialAction\":[{\"@type\":\"SearchAction\",\"target\":{\"@type\":\"EntryPoint\",\"urlTemplate\":\"https:\/\/cmp.portablehost3.net\/?s={search_term_string}\"},\"query-input\":{\"@type\":\"PropertyValueSpecification\",\"valueRequired\":true,\"valueName\":\"search_term_string\"}}],\"inLanguage\":\"en-US\"},{\"@type\":\"Organization\",\"@id\":\"https:\/\/cmp.portablehost3.net\/#organization\",\"name\":\"CMP - Compa\u00f1\u00eda Minera del Pac\u00edfico\",\"url\":\"https:\/\/cmp.portablehost3.net\/\",\"logo\":{\"@type\":\"ImageObject\",\"inLanguage\":\"en-US\",\"@id\":\"https:\/\/cmp.portablehost3.net\/#\/schema\/logo\/image\/\",\"url\":\"https:\/\/cmp.portablehost3.net\/wp-content\/uploads\/2024\/08\/CMP-logo.svg\",\"contentUrl\":\"https:\/\/cmp.portablehost3.net\/wp-content\/uploads\/2024\/08\/CMP-logo.svg\",\"width\":120,\"height\":53,\"caption\":\"CMP - Compa\u00f1\u00eda Minera del Pac\u00edfico\"},\"image\":{\"@id\":\"https:\/\/cmp.portablehost3.net\/#\/schema\/logo\/image\/\"},\"sameAs\":[\"https:\/\/www.facebook.com\/CMPChile\",\"https:\/\/x.com\/CMPChile\",\"https:\/\/linkedin.com\/company\/cmpchile\",\"https:\/\/www.instagram.com\/cmpchile\"]},{\"@type\":\"Person\",\"@id\":\"https:\/\/cmp.portablehost3.net\/#\/schema\/person\/8aeb6c283efcbf09cd5a48a257450b70\",\"name\":\"Patricia\",\"image\":{\"@type\":\"ImageObject\",\"inLanguage\":\"en-US\",\"@id\":\"https:\/\/cmp.portablehost3.net\/#\/schema\/person\/image\/\",\"url\":\"https:\/\/secure.gravatar.com\/avatar\/edfdd89e8f3de322ead7a6b4ba7b0eeda8acedcd08e155550d9e01aa5b990578?s=96&d=mm&r=g\",\"contentUrl\":\"https:\/\/secure.gravatar.com\/avatar\/edfdd89e8f3de322ead7a6b4ba7b0eeda8acedcd08e155550d9e01aa5b990578?s=96&d=mm&r=g\",\"caption\":\"Patricia\"},\"url\":\"https:\/\/cmp.portablehost3.net\/en\/author\/patricia\/\"}]}<\/script>\n<!-- \/ Yoast SEO plugin. -->","yoast_head_json":{"title":"[:es]Trabajador de CMP recibe reconocimiento de CORESEMIN Atacama por su liderazgo en seguridad[:] - CMP - Compa\u00f1\u00eda Minera del Pac\u00edfico","robots":{"index":"noindex","follow":"follow","max-snippet":"max-snippet:-1","max-image-preview":"max-image-preview:large","max-video-preview":"max-video-preview:-1"},"og_locale":"en_US","og_type":"article","og_title":"[:es]Trabajador de CMP recibe reconocimiento de CORESEMIN Atacama por su liderazgo en seguridad[:] - CMP - Compa\u00f1\u00eda Minera del Pac\u00edfico","og_description":"Juan N\u00fa\u00f1ez, Automation and Control Supervisor and member of the Joint Health and Safety Committee (CPHS) at CMP\u2019s Cerro Negro Norte operation, was recognized in the Outstanding Safety Workers 2025 category for inspiring his peers through visible leadership, mutual care, and a strong commitment to preventive standards in his operational area. As part of the [&hellip;]","og_url":"https:\/\/cmp.portablehost3.net\/trabajador-de-cmp-recibe-reconocimiento-de-coresemin-atacama-por-su-liderazgo-en-seguridad\/","og_site_name":"CMP - Compa\u00f1\u00eda Minera del Pac\u00edfico","article_publisher":"https:\/\/www.facebook.com\/CMPChile","article_published_time":"2026-09-01T18:27:12+00:00","og_image":[{"width":1280,"height":852,"url":"https:\/\/cmp.portablehost3.net\/wp-content\/uploads\/2026\/09\/Reconocimiento-CORESEMIN.jpeg","type":"image\/jpeg"}],"author":"Patricia","twitter_card":"summary_large_image","twitter_creator":"@CMPChile","twitter_site":"@CMPChile","twitter_misc":{"Written by":"Patricia","Est. reading time":"2 minutes"},"schema":{"@context":"https:\/\/schema.org","@graph":[{"@type":"Article","@id":"https:\/\/cmp.portablehost3.net\/trabajador-de-cmp-recibe-reconocimiento-de-coresemin-atacama-por-su-liderazgo-en-seguridad\/#article","isPartOf":{"@id":"https:\/\/cmp.portablehost3.net\/trabajador-de-cmp-recibe-reconocimiento-de-coresemin-atacama-por-su-liderazgo-en-seguridad\/"},"author":{"name":"Patricia","@id":"https:\/\/cmp.portablehost3.net\/#\/schema\/person\/8aeb6c283efcbf09cd5a48a257450b70"},"headline":"Trabajador de CMP recibe reconocimiento de CORESEMIN Atacama por su liderazgo en seguridad","datePublished":"2026-09-01T18:27:12+00:00","mainEntityOfPage":{"@id":"https:\/\/cmp.portablehost3.net\/trabajador-de-cmp-recibe-reconocimiento-de-coresemin-atacama-por-su-liderazgo-en-seguridad\/"},"wordCount":1133,"publisher":{"@id":"https:\/\/cmp.portablehost3.net\/#organization"},"image":{"@id":"https:\/\/cmp.portablehost3.net\/trabajador-de-cmp-recibe-reconocimiento-de-coresemin-atacama-por-su-liderazgo-en-seguridad\/#primaryimage"},"thumbnailUrl":"https:\/\/cmp.portablehost3.net\/wp-content\/uploads\/2026\/09\/Reconocimiento-CORESEMIN.jpeg","articleSection":["Landmarks"],"inLanguage":"en-US"},{"@type":"WebPage","@id":"https:\/\/cmp.portablehost3.net\/trabajador-de-cmp-recibe-reconocimiento-de-coresemin-atacama-por-su-liderazgo-en-seguridad\/","url":"https:\/\/cmp.portablehost3.net\/trabajador-de-cmp-recibe-reconocimiento-de-coresemin-atacama-por-su-liderazgo-en-seguridad\/","name":"[:es]Trabajador de CMP recibe reconocimiento de CORESEMIN Atacama por su liderazgo en seguridad[:] - CMP - Compa\u00f1\u00eda Minera del Pac\u00edfico","isPartOf":{"@id":"https:\/\/cmp.portablehost3.net\/#website"},"primaryImageOfPage":{"@id":"https:\/\/cmp.portablehost3.net\/trabajador-de-cmp-recibe-reconocimiento-de-coresemin-atacama-por-su-liderazgo-en-seguridad\/#primaryimage"},"image":{"@id":"https:\/\/cmp.portablehost3.net\/trabajador-de-cmp-recibe-reconocimiento-de-coresemin-atacama-por-su-liderazgo-en-seguridad\/#primaryimage"},"thumbnailUrl":"https:\/\/cmp.portablehost3.net\/wp-content\/uploads\/2026\/09\/Reconocimiento-CORESEMIN.jpeg","datePublished":"2026-09-01T18:27:12+00:00","breadcrumb":{"@id":"https:\/\/cmp.portablehost3.net\/trabajador-de-cmp-recibe-reconocimiento-de-coresemin-atacama-por-su-liderazgo-en-seguridad\/#breadcrumb"},"inLanguage":"en-US","potentialAction":[{"@type":"ReadAction","target":["https:\/\/cmp.portablehost3.net\/trabajador-de-cmp-recibe-reconocimiento-de-coresemin-atacama-por-su-liderazgo-en-seguridad\/"]}]},{"@type":"ImageObject","inLanguage":"en-US","@id":"https:\/\/cmp.portablehost3.net\/trabajador-de-cmp-recibe-reconocimiento-de-coresemin-atacama-por-su-liderazgo-en-seguridad\/#primaryimage","url":"https:\/\/cmp.portablehost3.net\/wp-content\/uploads\/2026\/09\/Reconocimiento-CORESEMIN.jpeg","contentUrl":"https:\/\/cmp.portablehost3.net\/wp-content\/uploads\/2026\/09\/Reconocimiento-CORESEMIN.jpeg","width":1280,"height":852},{"@type":"BreadcrumbList","@id":"https:\/\/cmp.portablehost3.net\/trabajador-de-cmp-recibe-reconocimiento-de-coresemin-atacama-por-su-liderazgo-en-seguridad\/#breadcrumb","itemListElement":[{"@type":"ListItem","position":1,"name":"Portada","item":"https:\/\/cmp.portablehost3.net\/"},{"@type":"ListItem","position":2,"name":"Trabajador de CMP recibe reconocimiento de CORESEMIN Atacama por su liderazgo en seguridad"}]},{"@type":"WebSite","@id":"https:\/\/cmp.portablehost3.net\/#website","url":"https:\/\/cmp.portablehost3.net\/","name":"CMP - Compa\u00f1\u00eda Minera del Pac\u00edfico","description":"","publisher":{"@id":"https:\/\/cmp.portablehost3.net\/#organization"},"potentialAction":[{"@type":"SearchAction","target":{"@type":"EntryPoint","urlTemplate":"https:\/\/cmp.portablehost3.net\/?s={search_term_string}"},"query-input":{"@type":"PropertyValueSpecification","valueRequired":true,"valueName":"search_term_string"}}],"inLanguage":"en-US"},{"@type":"Organization","@id":"https:\/\/cmp.portablehost3.net\/#organization","name":"CMP - Compa\u00f1\u00eda Minera del Pac\u00edfico","url":"https:\/\/cmp.portablehost3.net\/","logo":{"@type":"ImageObject","inLanguage":"en-US","@id":"https:\/\/cmp.portablehost3.net\/#\/schema\/logo\/image\/","url":"https:\/\/cmp.portablehost3.net\/wp-content\/uploads\/2024\/08\/CMP-logo.svg","contentUrl":"https:\/\/cmp.portablehost3.net\/wp-content\/uploads\/2024\/08\/CMP-logo.svg","width":120,"height":53,"caption":"CMP - Compa\u00f1\u00eda Minera del Pac\u00edfico"},"image":{"@id":"https:\/\/cmp.portablehost3.net\/#\/schema\/logo\/image\/"},"sameAs":["https:\/\/www.facebook.com\/CMPChile","https:\/\/x.com\/CMPChile","https:\/\/linkedin.com\/company\/cmpchile","https:\/\/www.instagram.com\/cmpchile"]},{"@type":"Person","@id":"https:\/\/cmp.portablehost3.net\/#\/schema\/person\/8aeb6c283efcbf09cd5a48a257450b70","name":"Patricia","image":{"@type":"ImageObject","inLanguage":"en-US","@id":"https:\/\/cmp.portablehost3.net\/#\/schema\/person\/image\/","url":"https:\/\/secure.gravatar.com\/avatar\/edfdd89e8f3de322ead7a6b4ba7b0eeda8acedcd08e155550d9e01aa5b990578?s=96&d=mm&r=g","contentUrl":"https:\/\/secure.gravatar.com\/avatar\/edfdd89e8f3de322ead7a6b4ba7b0eeda8acedcd08e155550d9e01aa5b990578?s=96&d=mm&r=g","caption":"Patricia"},"url":"https:\/\/cmp.portablehost3.net\/en\/author\/patricia\/"}]}},"_links":{"self":[{"href":"https:\/\/cmp.portablehost3.net\/en\/wp-json\/wp\/v2\/posts\/2262","targetHints":{"allow":["GET"]}}],"collection":[{"href":"https:\/\/cmp.portablehost3.net\/en\/wp-json\/wp\/v2\/posts"}],"about":[{"href":"https:\/\/cmp.portablehost3.net\/en\/wp-json\/wp\/v2\/types\/post"}],"author":[{"embeddable":true,"href":"https:\/\/cmp.portablehost3.net\/en\/wp-json\/wp\/v2\/users\/3"}],"replies":[{"embeddable":true,"href":"https:\/\/cmp.portablehost3.net\/en\/wp-json\/wp\/v2\/comments?post=2262"}],"version-history":[{"count":1,"href":"https:\/\/cmp.portablehost3.net\/en\/wp-json\/wp\/v2\/posts\/2262\/revisions"}],"predecessor-version":[{"id":2264,"href":"https:\/\/cmp.portablehost3.net\/en\/wp-json\/wp\/v2\/posts\/2262\/revisions\/2264"}],"wp:featuredmedia":[{"embeddable":true,"href":"https:\/\/cmp.portablehost3.net\/en\/wp-json\/wp\/v2\/media\/2263"}],"wp:attachment":[{"href":"https:\/\/cmp.portablehost3.net\/en\/wp-json\/wp\/v2\/media?parent=2262"}],"wp:term":[{"taxonomy":"category","embeddable":true,"href":"https:\/\/cmp.portablehost3.net\/en\/wp-json\/wp\/v2\/categories?post=2262"},{"taxonomy":"post_tag","embeddable":true,"href":"https:\/\/cmp.portablehost3.net\/en\/wp-json\/wp\/v2\/tags?post=2262"}],"curies":[{"name":"wp","href":"https:\/\/api.w.org\/{rel}","templated":true}]}}